{"id":1505,"date":"2017-12-22T11:33:24","date_gmt":"2017-12-22T10:33:24","guid":{"rendered":"http:\/\/p503576.mittwaldserver.info\/?p=1505"},"modified":"2019-02-22T11:34:43","modified_gmt":"2019-02-22T10:34:43","slug":"christmas-with-antenne-bayern","status":"publish","type":"post","link":"https:\/\/christianjuergens.de\/en\/christmas-with-antenne-bayern\/","title":{"rendered":"CHRISTMAS WITH ANTENNE BAYERN"},"content":{"rendered":"<p>[et_pb_section fb_built=&#8221;1&#8243; admin_label=&#8221;section&#8221; _builder_version=&#8221;3.0.47&#8243; custom_padding=&#8221;0px|0px|54px|0px&#8221;][et_pb_row custom_padding=&#8221;3px|0px|27px|0px&#8221; admin_label=&#8221;row&#8221; _builder_version=&#8221;3.0.47&#8243; background_size=&#8221;initial&#8221; background_position=&#8221;top_left&#8221; background_repeat=&#8221;repeat&#8221;][et_pb_column type=&#8221;4_4&#8243; _builder_version=&#8221;3.0.47&#8243;][et_pb_text _builder_version=&#8221;3.0.87&#8243; background_size=&#8221;initial&#8221; background_position=&#8221;top_left&#8221; background_repeat=&#8221;repeat&#8221; border_style=&#8221;solid&#8221; inline_fonts=&#8221;Arimo&#8221;]Still no ideas for the festive season? Indra and Wolfgang Leikermoser from the <a href=\"https:\/\/www.antenne.de\/programm\/sendungen\/guten-morgen-bayern\/\">Guten Morgen Bayern<\/a>\u00a0team\u00a0were guests of Christian J\u00fcrgens and cooked the Antenne Bayern Christmas menu together with him. Three courses of pure enjoyment which were also something everyone could do! Because if there\u2019s one thing you want to avoid for your Christmas dinner, it\u2019s to make it too complicated. For all of you who have now acquired a taste for food and want to spoil your loved ones with culinary delights, there are recipes on the <a href=\"https:\/\/www.antenne.de\/programm\/aktionen\/das-antenne-bayern-weihnachtsmenue-von-christian-juergens\">Antenne Bayern<\/a> website. And for those who want to be guided step by step through the menu in an entertaining way, we can warmly recommend the corresponding videos.<\/p>\n<p><iframe loading=\"lazy\" width=\"1080\" height=\"608\" src=\"https:\/\/www.youtube.com\/embed\/cn_P7O9dEL8?start=52&#038;feature=oembed\" frameborder=\"0\" allow=\"accelerometer; autoplay; encrypted-media; gyroscope; picture-in-picture\" allowfullscreen><\/iframe><\/p>\n<p>&nbsp;<\/p>\n<p><iframe loading=\"lazy\" width=\"1080\" height=\"608\" src=\"https:\/\/www.youtube.com\/embed\/uNMIFR9ca5g?feature=oembed\" frameborder=\"0\" allow=\"accelerometer; autoplay; encrypted-media; gyroscope; picture-in-picture\" allowfullscreen><\/iframe><\/p>\n<p>&nbsp;<\/p>\n<p><iframe loading=\"lazy\" width=\"1080\" height=\"608\" src=\"https:\/\/www.youtube.com\/embed\/f47Vnf9V7-0?feature=oembed\" frameborder=\"0\" allow=\"accelerometer; autoplay; encrypted-media; gyroscope; picture-in-picture\" allowfullscreen><\/iframe><\/p>\n<p>&nbsp;<\/p>\n<p>A good team: It&#8217;s not the first collaboration between the 3-star chef and Bavaria&#8217;s popular radio station. From summer ice cream and Easter lamb to sophisticated biscuit recipes \u2013 Christian J\u00fcrgens likes to share his tips and tricks from the kitchen with Bavaria&#8217;s radio audience.<\/p>\n<p>Here&#8217;s to a Merry Christmas!<br \/>\n[\/et_pb_text][\/et_pb_column][\/et_pb_row][\/et_pb_section]<\/p>\n","protected":false},"excerpt":{"rendered":"<p>Still no ideas for the festive season? Indra and Wolfgang Leikermoser from the Guten Morgen Bayern\u00a0team\u00a0were guests of Christian J\u00fcrgens and cooked the Antenne Bayern Christmas menu together with him. Three courses of pure enjoyment which were also something everyone could do! Because if there\u2019s one thing you want to avoid for your Christmas dinner, [&hellip;]<\/p>\n","protected":false},"author":1,"featured_media":1506,"comment_status":"closed","ping_status":"closed","sticky":false,"template":"","format":"standard","meta":{"_et_pb_use_builder":"on","_et_pb_old_content":"<h3><img class=\"size-medium wp-image-481 alignleft\" src=\"https:\/\/christianjuergens.de\/wp-content\/uploads\/333-jahre._gaggenau-jubilaeum-300x225.jpg\" alt=\"333-jahre._gaggenau-jubilaeum\" width=\"300\" height=\"225\" \/>Kochen f\u00fcr die Zukunft<\/h3><p>Eines der gr\u00f6\u00dften Probleme f\u00fcr junge Menschen in Kenia ist die Perspektivlosigkeit. Insbesondere Waisenkinder sind oft nicht in der Lage eine notwendige Ausbildung zu finanzieren. Mit Daniel Nuenga und George Githinji k\u00f6nnen nun wieder zwei jungen Menschen mehr positiv in die Zukunft zu blicken. Sie werden ab September eine Ausbildung zum Koch beginnen. In Nairobi. <\/p><p>Erm\u00f6glicht wird das durch ein Benefiz-Kochevent, das am 8. Mai im Plana K\u00fcchenland in Wiesbaden stattfand. Fast 50 G\u00e4ste waren der Einladung der Veranstalterin Anke Beutner gerne und mit gro\u00dfen Erwartungen gefolgt \u2013 denn auf sie wartete nicht weniger als ein 5-G\u00e4nge-Men\u00fc des 3 Sternekochs Christian J\u00fcrgens. F\u00fcr eine exzellente Weinbegleitung sorgten das Weingut Kaufmann \u2013 Hans Lang und das Weingut Schloss Sommerhausen. <\/p><p>Dank der Sponsoren Gaggenau, Plana K\u00fcchenland und Weingut Kaufmann \u2013 Hans Lang und Weingut Schloss Sommerhausen konnten die Einnahmen des Abends zu 100% an Cargo Human Care e.V. gespendet werden. Die Initiatorin des Abends, Anke Beutner, unterst\u00fctzt die Hilfsorganisation bereits seit vielen Jahren. Ihre Idee war es auch, einen Chef\u2019s Table f\u00fcr den guten Zweck zu organisieren und sich f\u00fcr die Finanzierung der Kochausbildung von Daniel Nuenga und George Githinji zu engagieren. Der Premiumk\u00fcchenger\u00e4te-Hersteller Gaggenau unterst\u00fctzte sie dabei tatkr\u00e4ftig. Auch Christian J\u00fcrgens war sofort begeistert, als das Unternehmen Gaggenau \u2013 mittlerweile langj\u00e4hriger Partner des Kochprofis \u2013 mit dem Anliegen auf ihn zukam: \u201eWenn ich mit meinem K\u00f6nnen daf\u00fcr sorgen kann, dass Menschen bei so einem Benefiz-Event eine gute Zeit haben und wir dar\u00fcber dem Kochnachwuchs \u2013 egal wo auf der Welt \u2013 helfen, dann bin ich da nat\u00fcrlich mit vollem Einsatz dabei.\u201c<\/p><p>Wer mehr \u00fcber die Arbeit der Hilfsorganisation Cargo Human Care e.V. erfahren m\u00f6chte, kann sich auf der Website von <a href=\"http:\/\/cargohumancare.de\/\">Cargo Human Care<\/a> weiter informieren.<\/p>","_et_gb_content_width":"","footnotes":""},"categories":[14],"tags":[],"class_list":["post-1505","post","type-post","status-publish","format-standard","has-post-thumbnail","hentry","category-news-en"],"yoast_head":"<!-- This site is optimized with the Yoast SEO plugin v24.8.1 - https:\/\/yoast.com\/wordpress\/plugins\/seo\/ -->\n<title>CHRISTMAS WITH ANTENNE BAYERN - Christian J\u00fcrgens<\/title>\n<meta name=\"robots\" content=\"index, follow, max-snippet:-1, max-image-preview:large, max-video-preview:-1\" \/>\n<link rel=\"canonical\" href=\"https:\/\/christianjuergens.de\/en\/christmas-with-antenne-bayern\/\" \/>\n<meta property=\"og:locale\" content=\"en_US\" \/>\n<meta property=\"og:type\" content=\"article\" \/>\n<meta property=\"og:title\" content=\"CHRISTMAS WITH ANTENNE BAYERN - Christian J\u00fcrgens\" \/>\n<meta property=\"og:description\" content=\"Still no ideas for the festive season? Indra and Wolfgang Leikermoser from the Guten Morgen Bayern\u00a0team\u00a0were guests of Christian J\u00fcrgens and cooked the Antenne Bayern Christmas menu together with him. Three courses of pure enjoyment which were also something everyone could do! Because if there\u2019s one thing you want to avoid for your Christmas dinner, [&hellip;]\" \/>\n<meta property=\"og:url\" content=\"https:\/\/christianjuergens.de\/en\/christmas-with-antenne-bayern\/\" \/>\n<meta property=\"og:site_name\" content=\"Christian J\u00fcrgens\" \/>\n<meta property=\"article:publisher\" content=\"https:\/\/www.facebook.com\/christianjuergens.de\" \/>\n<meta property=\"article:published_time\" content=\"2017-12-22T10:33:24+00:00\" \/>\n<meta property=\"article:modified_time\" content=\"2019-02-22T10:34:43+00:00\" \/>\n<meta property=\"og:image\" content=\"https:\/\/christianjuergens.de\/wp-content\/uploads\/Antenne-Bayern-300x200.jpg\" \/>\n\t<meta property=\"og:image:width\" content=\"300\" \/>\n\t<meta property=\"og:image:height\" content=\"200\" \/>\n\t<meta property=\"og:image:type\" content=\"image\/jpeg\" \/>\n<meta name=\"author\" content=\"admin_cj\" \/>\n<meta name=\"twitter:card\" content=\"summary_large_image\" \/>\n<meta name=\"twitter:label1\" content=\"Written by\" \/>\n\t<meta name=\"twitter:data1\" content=\"admin_cj\" \/>\n\t<meta name=\"twitter:label2\" content=\"Est. reading time\" \/>\n\t<meta name=\"twitter:data2\" content=\"1 minute\" \/>\n<script type=\"application\/ld+json\" class=\"yoast-schema-graph\">{\"@context\":\"https:\/\/schema.org\",\"@graph\":[{\"@type\":\"Article\",\"@id\":\"https:\/\/christianjuergens.de\/en\/christmas-with-antenne-bayern\/#article\",\"isPartOf\":{\"@id\":\"https:\/\/christianjuergens.de\/en\/christmas-with-antenne-bayern\/\"},\"author\":{\"name\":\"admin_cj\",\"@id\":\"https:\/\/christianjuergens.de\/#\/schema\/person\/dc5657c0b9cca21977126626e31b37ab\"},\"headline\":\"CHRISTMAS WITH ANTENNE BAYERN\",\"datePublished\":\"2017-12-22T10:33:24+00:00\",\"dateModified\":\"2019-02-22T10:34:43+00:00\",\"mainEntityOfPage\":{\"@id\":\"https:\/\/christianjuergens.de\/en\/christmas-with-antenne-bayern\/\"},\"wordCount\":293,\"publisher\":{\"@id\":\"https:\/\/christianjuergens.de\/#organization\"},\"image\":{\"@id\":\"https:\/\/christianjuergens.de\/en\/christmas-with-antenne-bayern\/#primaryimage\"},\"thumbnailUrl\":\"https:\/\/christianjuergens.de\/wp-content\/uploads\/Antenne-Bayern-300x200.jpg\",\"articleSection\":[\"News\"],\"inLanguage\":\"en-US\"},{\"@type\":\"WebPage\",\"@id\":\"https:\/\/christianjuergens.de\/en\/christmas-with-antenne-bayern\/\",\"url\":\"https:\/\/christianjuergens.de\/en\/christmas-with-antenne-bayern\/\",\"name\":\"CHRISTMAS WITH ANTENNE BAYERN - Christian J\u00fcrgens\",\"isPartOf\":{\"@id\":\"https:\/\/christianjuergens.de\/#website\"},\"primaryImageOfPage\":{\"@id\":\"https:\/\/christianjuergens.de\/en\/christmas-with-antenne-bayern\/#primaryimage\"},\"image\":{\"@id\":\"https:\/\/christianjuergens.de\/en\/christmas-with-antenne-bayern\/#primaryimage\"},\"thumbnailUrl\":\"https:\/\/christianjuergens.de\/wp-content\/uploads\/Antenne-Bayern-300x200.jpg\",\"datePublished\":\"2017-12-22T10:33:24+00:00\",\"dateModified\":\"2019-02-22T10:34:43+00:00\",\"breadcrumb\":{\"@id\":\"https:\/\/christianjuergens.de\/en\/christmas-with-antenne-bayern\/#breadcrumb\"},\"inLanguage\":\"en-US\",\"potentialAction\":[{\"@type\":\"ReadAction\",\"target\":[\"https:\/\/christianjuergens.de\/en\/christmas-with-antenne-bayern\/\"]}]},{\"@type\":\"ImageObject\",\"inLanguage\":\"en-US\",\"@id\":\"https:\/\/christianjuergens.de\/en\/christmas-with-antenne-bayern\/#primaryimage\",\"url\":\"https:\/\/christianjuergens.de\/wp-content\/uploads\/Antenne-Bayern-300x200.jpg\",\"contentUrl\":\"https:\/\/christianjuergens.de\/wp-content\/uploads\/Antenne-Bayern-300x200.jpg\",\"width\":300,\"height\":200},{\"@type\":\"BreadcrumbList\",\"@id\":\"https:\/\/christianjuergens.de\/en\/christmas-with-antenne-bayern\/#breadcrumb\",\"itemListElement\":[{\"@type\":\"ListItem\",\"position\":1,\"name\":\"Startseite\",\"item\":\"https:\/\/christianjuergens.de\/en\/\"},{\"@type\":\"ListItem\",\"position\":2,\"name\":\"CHRISTMAS WITH ANTENNE BAYERN\"}]},{\"@type\":\"WebSite\",\"@id\":\"https:\/\/christianjuergens.de\/#website\",\"url\":\"https:\/\/christianjuergens.de\/\",\"name\":\"Christian J\u00fcrgens\",\"description\":\"Koch - Christian J\u00fcrgens\",\"publisher\":{\"@id\":\"https:\/\/christianjuergens.de\/#organization\"},\"potentialAction\":[{\"@type\":\"SearchAction\",\"target\":{\"@type\":\"EntryPoint\",\"urlTemplate\":\"https:\/\/christianjuergens.de\/?s={search_term_string}\"},\"query-input\":{\"@type\":\"PropertyValueSpecification\",\"valueRequired\":true,\"valueName\":\"search_term_string\"}}],\"inLanguage\":\"en-US\"},{\"@type\":\"Organization\",\"@id\":\"https:\/\/christianjuergens.de\/#organization\",\"name\":\"deutscher Koch\",\"url\":\"https:\/\/christianjuergens.de\/\",\"logo\":{\"@type\":\"ImageObject\",\"inLanguage\":\"en-US\",\"@id\":\"https:\/\/christianjuergens.de\/#\/schema\/logo\/image\/\",\"url\":\"https:\/\/christianjuergens.de\/wp-content\/uploads\/ChristianJuergens_Logo_Icon_Starkoch.png\",\"contentUrl\":\"https:\/\/christianjuergens.de\/wp-content\/uploads\/ChristianJuergens_Logo_Icon_Starkoch.png\",\"width\":30,\"height\":30,\"caption\":\"deutscher Koch\"},\"image\":{\"@id\":\"https:\/\/christianjuergens.de\/#\/schema\/logo\/image\/\"},\"sameAs\":[\"https:\/\/www.facebook.com\/christianjuergens.de\",\"https:\/\/www.instagram.com\/christian.juergens\/\"]},{\"@type\":\"Person\",\"@id\":\"https:\/\/christianjuergens.de\/#\/schema\/person\/dc5657c0b9cca21977126626e31b37ab\",\"name\":\"admin_cj\",\"image\":{\"@type\":\"ImageObject\",\"inLanguage\":\"en-US\",\"@id\":\"https:\/\/christianjuergens.de\/#\/schema\/person\/image\/\",\"url\":\"https:\/\/secure.gravatar.com\/avatar\/32d77b033512fdcc57eee6686f8683f2?s=96&d=mm&r=g\",\"contentUrl\":\"https:\/\/secure.gravatar.com\/avatar\/32d77b033512fdcc57eee6686f8683f2?s=96&d=mm&r=g\",\"caption\":\"admin_cj\"},\"url\":\"https:\/\/christianjuergens.de\/en\/author\/admin_cj\/\"}]}<\/script>\n<!-- \/ Yoast SEO plugin. -->","yoast_head_json":{"title":"CHRISTMAS WITH ANTENNE BAYERN - Christian J\u00fcrgens","robots":{"index":"index","follow":"follow","max-snippet":"max-snippet:-1","max-image-preview":"max-image-preview:large","max-video-preview":"max-video-preview:-1"},"canonical":"https:\/\/christianjuergens.de\/en\/christmas-with-antenne-bayern\/","og_locale":"en_US","og_type":"article","og_title":"CHRISTMAS WITH ANTENNE BAYERN - Christian J\u00fcrgens","og_description":"Still no ideas for the festive season? Indra and Wolfgang Leikermoser from the Guten Morgen Bayern\u00a0team\u00a0were guests of Christian J\u00fcrgens and cooked the Antenne Bayern Christmas menu together with him. Three courses of pure enjoyment which were also something everyone could do! Because if there\u2019s one thing you want to avoid for your Christmas dinner, [&hellip;]","og_url":"https:\/\/christianjuergens.de\/en\/christmas-with-antenne-bayern\/","og_site_name":"Christian J\u00fcrgens","article_publisher":"https:\/\/www.facebook.com\/christianjuergens.de","article_published_time":"2017-12-22T10:33:24+00:00","article_modified_time":"2019-02-22T10:34:43+00:00","og_image":[{"width":300,"height":200,"url":"https:\/\/christianjuergens.de\/wp-content\/uploads\/Antenne-Bayern-300x200.jpg","type":"image\/jpeg"}],"author":"admin_cj","twitter_card":"summary_large_image","twitter_misc":{"Written by":"admin_cj","Est. reading time":"1 minute"},"schema":{"@context":"https:\/\/schema.org","@graph":[{"@type":"Article","@id":"https:\/\/christianjuergens.de\/en\/christmas-with-antenne-bayern\/#article","isPartOf":{"@id":"https:\/\/christianjuergens.de\/en\/christmas-with-antenne-bayern\/"},"author":{"name":"admin_cj","@id":"https:\/\/christianjuergens.de\/#\/schema\/person\/dc5657c0b9cca21977126626e31b37ab"},"headline":"CHRISTMAS WITH ANTENNE BAYERN","datePublished":"2017-12-22T10:33:24+00:00","dateModified":"2019-02-22T10:34:43+00:00","mainEntityOfPage":{"@id":"https:\/\/christianjuergens.de\/en\/christmas-with-antenne-bayern\/"},"wordCount":293,"publisher":{"@id":"https:\/\/christianjuergens.de\/#organization"},"image":{"@id":"https:\/\/christianjuergens.de\/en\/christmas-with-antenne-bayern\/#primaryimage"},"thumbnailUrl":"https:\/\/christianjuergens.de\/wp-content\/uploads\/Antenne-Bayern-300x200.jpg","articleSection":["News"],"inLanguage":"en-US"},{"@type":"WebPage","@id":"https:\/\/christianjuergens.de\/en\/christmas-with-antenne-bayern\/","url":"https:\/\/christianjuergens.de\/en\/christmas-with-antenne-bayern\/","name":"CHRISTMAS WITH ANTENNE BAYERN - Christian J\u00fcrgens","isPartOf":{"@id":"https:\/\/christianjuergens.de\/#website"},"primaryImageOfPage":{"@id":"https:\/\/christianjuergens.de\/en\/christmas-with-antenne-bayern\/#primaryimage"},"image":{"@id":"https:\/\/christianjuergens.de\/en\/christmas-with-antenne-bayern\/#primaryimage"},"thumbnailUrl":"https:\/\/christianjuergens.de\/wp-content\/uploads\/Antenne-Bayern-300x200.jpg","datePublished":"2017-12-22T10:33:24+00:00","dateModified":"2019-02-22T10:34:43+00:00","breadcrumb":{"@id":"https:\/\/christianjuergens.de\/en\/christmas-with-antenne-bayern\/#breadcrumb"},"inLanguage":"en-US","potentialAction":[{"@type":"ReadAction","target":["https:\/\/christianjuergens.de\/en\/christmas-with-antenne-bayern\/"]}]},{"@type":"ImageObject","inLanguage":"en-US","@id":"https:\/\/christianjuergens.de\/en\/christmas-with-antenne-bayern\/#primaryimage","url":"https:\/\/christianjuergens.de\/wp-content\/uploads\/Antenne-Bayern-300x200.jpg","contentUrl":"https:\/\/christianjuergens.de\/wp-content\/uploads\/Antenne-Bayern-300x200.jpg","width":300,"height":200},{"@type":"BreadcrumbList","@id":"https:\/\/christianjuergens.de\/en\/christmas-with-antenne-bayern\/#breadcrumb","itemListElement":[{"@type":"ListItem","position":1,"name":"Startseite","item":"https:\/\/christianjuergens.de\/en\/"},{"@type":"ListItem","position":2,"name":"CHRISTMAS WITH ANTENNE BAYERN"}]},{"@type":"WebSite","@id":"https:\/\/christianjuergens.de\/#website","url":"https:\/\/christianjuergens.de\/","name":"Christian J\u00fcrgens","description":"Koch - Christian J\u00fcrgens","publisher":{"@id":"https:\/\/christianjuergens.de\/#organization"},"potentialAction":[{"@type":"SearchAction","target":{"@type":"EntryPoint","urlTemplate":"https:\/\/christianjuergens.de\/?s={search_term_string}"},"query-input":{"@type":"PropertyValueSpecification","valueRequired":true,"valueName":"search_term_string"}}],"inLanguage":"en-US"},{"@type":"Organization","@id":"https:\/\/christianjuergens.de\/#organization","name":"deutscher Koch","url":"https:\/\/christianjuergens.de\/","logo":{"@type":"ImageObject","inLanguage":"en-US","@id":"https:\/\/christianjuergens.de\/#\/schema\/logo\/image\/","url":"https:\/\/christianjuergens.de\/wp-content\/uploads\/ChristianJuergens_Logo_Icon_Starkoch.png","contentUrl":"https:\/\/christianjuergens.de\/wp-content\/uploads\/ChristianJuergens_Logo_Icon_Starkoch.png","width":30,"height":30,"caption":"deutscher Koch"},"image":{"@id":"https:\/\/christianjuergens.de\/#\/schema\/logo\/image\/"},"sameAs":["https:\/\/www.facebook.com\/christianjuergens.de","https:\/\/www.instagram.com\/christian.juergens\/"]},{"@type":"Person","@id":"https:\/\/christianjuergens.de\/#\/schema\/person\/dc5657c0b9cca21977126626e31b37ab","name":"admin_cj","image":{"@type":"ImageObject","inLanguage":"en-US","@id":"https:\/\/christianjuergens.de\/#\/schema\/person\/image\/","url":"https:\/\/secure.gravatar.com\/avatar\/32d77b033512fdcc57eee6686f8683f2?s=96&d=mm&r=g","contentUrl":"https:\/\/secure.gravatar.com\/avatar\/32d77b033512fdcc57eee6686f8683f2?s=96&d=mm&r=g","caption":"admin_cj"},"url":"https:\/\/christianjuergens.de\/en\/author\/admin_cj\/"}]}},"_links":{"self":[{"href":"https:\/\/christianjuergens.de\/en\/wp-json\/wp\/v2\/posts\/1505","targetHints":{"allow":["GET"]}}],"collection":[{"href":"https:\/\/christianjuergens.de\/en\/wp-json\/wp\/v2\/posts"}],"about":[{"href":"https:\/\/christianjuergens.de\/en\/wp-json\/wp\/v2\/types\/post"}],"author":[{"embeddable":true,"href":"https:\/\/christianjuergens.de\/en\/wp-json\/wp\/v2\/users\/1"}],"replies":[{"embeddable":true,"href":"https:\/\/christianjuergens.de\/en\/wp-json\/wp\/v2\/comments?post=1505"}],"version-history":[{"count":0,"href":"https:\/\/christianjuergens.de\/en\/wp-json\/wp\/v2\/posts\/1505\/revisions"}],"wp:featuredmedia":[{"embeddable":true,"href":"https:\/\/christianjuergens.de\/en\/wp-json\/wp\/v2\/media\/1506"}],"wp:attachment":[{"href":"https:\/\/christianjuergens.de\/en\/wp-json\/wp\/v2\/media?parent=1505"}],"wp:term":[{"taxonomy":"category","embeddable":true,"href":"https:\/\/christianjuergens.de\/en\/wp-json\/wp\/v2\/categories?post=1505"},{"taxonomy":"post_tag","embeddable":true,"href":"https:\/\/christianjuergens.de\/en\/wp-json\/wp\/v2\/tags?post=1505"}],"curies":[{"name":"wp","href":"https:\/\/api.w.org\/{rel}","templated":true}]}}